{"id":9822,"date":"2022-07-20T21:51:40","date_gmt":"2022-07-20T19:51:40","guid":{"rendered":"https:\/\/www.schachclub-oberwinden.de\/wp3\/?p=9822"},"modified":"2022-07-20T21:51:42","modified_gmt":"2022-07-20T19:51:42","slug":"gedanken-zur-neuen-saison","status":"publish","type":"post","link":"https:\/\/www.schachclub-oberwinden.de\/wp3\/2022\/07\/20\/gedanken-zur-neuen-saison\/","title":{"rendered":"Gedanken zur neuen Saison"},"content":{"rendered":"\n<p>F\u00fcr die neue Saison 2022\/23 sind die Termine festgelegt und die Verbandsrunden starten am 25.09.22.&nbsp; Diese Info erreicht uns alle und sicherlich geht dem einen oder anderen \u00e4hnliches durch den Kopf wie mir:<\/p>\n\n\n\n<div class=\"wp-block-image is-style-default\"><figure class=\"alignright size-medium\"><a href=\"https:\/\/www.schachclub-oberwinden.de\/wp3\/wp-content\/uploads\/2022\/07\/05a-Auf-dem-Weg-zum-Grossereignis-1.jpg\"><img loading=\"lazy\" decoding=\"async\" width=\"300\" height=\"225\" src=\"https:\/\/www.schachclub-oberwinden.de\/wp3\/wp-content\/uploads\/2022\/07\/05a-Auf-dem-Weg-zum-Grossereignis-1-300x225.jpg\" alt=\"\" class=\"wp-image-9825\" srcset=\"https:\/\/www.schachclub-oberwinden.de\/wp3\/wp-content\/uploads\/2022\/07\/05a-Auf-dem-Weg-zum-Grossereignis-1-300x225.jpg 300w, https:\/\/www.schachclub-oberwinden.de\/wp3\/wp-content\/uploads\/2022\/07\/05a-Auf-dem-Weg-zum-Grossereignis-1-1024x768.jpg 1024w, https:\/\/www.schachclub-oberwinden.de\/wp3\/wp-content\/uploads\/2022\/07\/05a-Auf-dem-Weg-zum-Grossereignis-1-768x576.jpg 768w, https:\/\/www.schachclub-oberwinden.de\/wp3\/wp-content\/uploads\/2022\/07\/05a-Auf-dem-Weg-zum-Grossereignis-1-1536x1152.jpg 1536w, https:\/\/www.schachclub-oberwinden.de\/wp3\/wp-content\/uploads\/2022\/07\/05a-Auf-dem-Weg-zum-Grossereignis-1-2048x1536.jpg 2048w, https:\/\/www.schachclub-oberwinden.de\/wp3\/wp-content\/uploads\/2022\/07\/05a-Auf-dem-Weg-zum-Grossereignis-1-150x113.jpg 150w, https:\/\/www.schachclub-oberwinden.de\/wp3\/wp-content\/uploads\/2022\/07\/05a-Auf-dem-Weg-zum-Grossereignis-1-400x300.jpg 400w\" sizes=\"auto, (max-width: 300px) 100vw, 300px\" \/><\/a><\/figure><\/div>\n\n\n\n<ul class=\"wp-block-list\"><li>Wird es wieder eine Saison, die durch Corona verzerrt oder gar wieder auf 2 Jahre gestreckt wird? Leider steigen die Infiziertenzahlen ja schon wieder.<\/li><li>Werden wieder so viele Spiele kampflos entschieden und eine sportliche Entscheidung \u00fcber Auf- und Abstieg wird durch nahezu ad-absurdum gef\u00fchrt?<\/li><li>Werden wir als Verein unsere Mitglieder motivieren k\u00f6nnen?<\/li><li>Sind wir als Spieler bereit die Mannschaftsk\u00e4mpfe so ernst zu nehmen, dass wir wie vor Corona unsere Termine m\u00f6glichst um die Spieltage herum planen?<\/li><\/ul>\n\n\n\n<p>Dies und vieles mehr gilt es zu betrachten und sein eigenes Verhalten danach auszurichten. Es wird also wieder kein leichter Job f\u00fcr die Mannschaftsf\u00fchrer und viele andere engagierte Offizielle.<\/p>\n\n\n\n<p>Was k\u00f6nnen wir tun? Uns \u00fcber unsere Motivation im Klaren werden und diese auch transparent machen. Also den Mannschaftsf\u00fchrern proaktiv mitteilen, ob wir f\u00fcr die Verbandsrunde zur Verf\u00fcgung stehen und welche Spieltage wir schon zusagen k\u00f6nnen.<\/p>\n\n\n\n<p>Ich pers\u00f6nlich habe die Spieltage geblockt und m\u00f6chte diesem wundersch\u00f6nen Spiel bzw. Sport treu bleiben. Ich freue mich auf m\u00f6glichst viele Begegnungen mit Bekannten und Freunden und auf spannende Partien.<\/p>\n\n\n\n<p>Anbei die Termine der Verbandsrunde und bitte gebt euren Mannschaftsf\u00fchrern R\u00fcckmeldung wie ihr in der neuen Saison zur Verf\u00fcgung steht.<\/p>\n\n\n\n<div class=\"wp-block-image\"><figure class=\"aligncenter size-full\"><a href=\"https:\/\/www.schachclub-oberwinden.de\/wp3\/wp-content\/uploads\/2022\/07\/Termine-2022-23.png\"><img loading=\"lazy\" decoding=\"async\" width=\"228\" height=\"208\" src=\"https:\/\/www.schachclub-oberwinden.de\/wp3\/wp-content\/uploads\/2022\/07\/Termine-2022-23.png\" alt=\"\" class=\"wp-image-9823\" srcset=\"https:\/\/www.schachclub-oberwinden.de\/wp3\/wp-content\/uploads\/2022\/07\/Termine-2022-23.png 228w, https:\/\/www.schachclub-oberwinden.de\/wp3\/wp-content\/uploads\/2022\/07\/Termine-2022-23-150x137.png 150w\" sizes=\"auto, (max-width: 228px) 100vw, 228px\" \/><\/a><\/figure><\/div>\n\n\n\n<p>Wer sich auf die neue Saison vorbereiten m\u00f6chte hat die M\u00f6glichkeit dazu bei \u201eMatzes Blitzturnier mit geselligem Beisammensein\u201c am Samstag, den 20.08. Bitte meldet euch dazu bei Matze an, so dass er f\u00fcr ausreichend Getr\u00e4nke und eine Kleinigkeit zu Essen sorgen kann.<\/p>\n\n\n\n<p>Ebenfalls eine gute Gelegenheit zur Vorbereitung ist das Trainingsangebot von Mario. Einfach auf ihn zugehen und n\u00e4heres abstimmen.<\/p>\n\n\n\n<p>Also ran ans Brett und positiv an die neue Saison gedacht.<\/p>\n\n\n\n<figure class=\"wp-block-image size-medium\"><a href=\"https:\/\/www.schachclub-oberwinden.de\/wp3\/wp-content\/uploads\/2022\/07\/10c-Kongress-Atmosphaere.jpg\"><img loading=\"lazy\" decoding=\"async\" width=\"300\" height=\"225\" src=\"https:\/\/www.schachclub-oberwinden.de\/wp3\/wp-content\/uploads\/2022\/07\/10c-Kongress-Atmosphaere-300x225.jpg\" alt=\"\" class=\"wp-image-9827\" srcset=\"https:\/\/www.schachclub-oberwinden.de\/wp3\/wp-content\/uploads\/2022\/07\/10c-Kongress-Atmosphaere-300x225.jpg 300w, https:\/\/www.schachclub-oberwinden.de\/wp3\/wp-content\/uploads\/2022\/07\/10c-Kongress-Atmosphaere-1024x768.jpg 1024w, https:\/\/www.schachclub-oberwinden.de\/wp3\/wp-content\/uploads\/2022\/07\/10c-Kongress-Atmosphaere-768x576.jpg 768w, https:\/\/www.schachclub-oberwinden.de\/wp3\/wp-content\/uploads\/2022\/07\/10c-Kongress-Atmosphaere-1536x1152.jpg 1536w, https:\/\/www.schachclub-oberwinden.de\/wp3\/wp-content\/uploads\/2022\/07\/10c-Kongress-Atmosphaere-2048x1536.jpg 2048w, https:\/\/www.schachclub-oberwinden.de\/wp3\/wp-content\/uploads\/2022\/07\/10c-Kongress-Atmosphaere-150x113.jpg 150w, https:\/\/www.schachclub-oberwinden.de\/wp3\/wp-content\/uploads\/2022\/07\/10c-Kongress-Atmosphaere-400x300.jpg 400w\" sizes=\"auto, (max-width: 300px) 100vw, 300px\" \/><\/a><\/figure>\n","protected":false},"excerpt":{"rendered":"\n<p>F\u00fcr die neue Saison 2022\/23 sind die Termine festgelegt und die Verbandsrunden starten am 25.09.22.&nbsp; Diese Info erreicht uns alle und sicherlich geht dem einen oder anderen \u00e4hnliches durch den Kopf wie mir:<\/p>\n<p> Wird es wieder eine Saison, die durch Corona verzerrt oder gar wieder auf 2 Jahre gestreckt wird? Leider steigen die Infiziertenzahlen [&#8230;]<\/p>\n","protected":false},"author":33,"featured_media":0,"comment_status":"closed","ping_status":"closed","sticky":false,"template":"","format":"standard","meta":{"footnotes":""},"categories":[1],"tags":[],"class_list":["post-9822","post","type-post","status-publish","format-standard","hentry","category-allgemein","odd"],"_links":{"self":[{"href":"https:\/\/www.schachclub-oberwinden.de\/wp3\/wp-json\/wp\/v2\/posts\/9822","targetHints":{"allow":["GET"]}}],"collection":[{"href":"https:\/\/www.schachclub-oberwinden.de\/wp3\/wp-json\/wp\/v2\/posts"}],"about":[{"href":"https:\/\/www.schachclub-oberwinden.de\/wp3\/wp-json\/wp\/v2\/types\/post"}],"author":[{"embeddable":true,"href":"https:\/\/www.schachclub-oberwinden.de\/wp3\/wp-json\/wp\/v2\/users\/33"}],"replies":[{"embeddable":true,"href":"https:\/\/www.schachclub-oberwinden.de\/wp3\/wp-json\/wp\/v2\/comments?post=9822"}],"version-history":[{"count":2,"href":"https:\/\/www.schachclub-oberwinden.de\/wp3\/wp-json\/wp\/v2\/posts\/9822\/revisions"}],"predecessor-version":[{"id":9828,"href":"https:\/\/www.schachclub-oberwinden.de\/wp3\/wp-json\/wp\/v2\/posts\/9822\/revisions\/9828"}],"wp:attachment":[{"href":"https:\/\/www.schachclub-oberwinden.de\/wp3\/wp-json\/wp\/v2\/media?parent=9822"}],"wp:term":[{"taxonomy":"category","embeddable":true,"href":"https:\/\/www.schachclub-oberwinden.de\/wp3\/wp-json\/wp\/v2\/categories?post=9822"},{"taxonomy":"post_tag","embeddable":true,"href":"https:\/\/www.schachclub-oberwinden.de\/wp3\/wp-json\/wp\/v2\/tags?post=9822"}],"curies":[{"name":"wp","href":"https:\/\/api.w.org\/{rel}","templated":true}]}}